{"id":287,"date":"2025-12-22T21:40:03","date_gmt":"2025-12-22T20:40:03","guid":{"rendered":"https:\/\/ena2053.fr\/?p=287"},"modified":"2026-03-05T21:45:59","modified_gmt":"2026-03-05T20:45:59","slug":"1ere-ag-de-lena","status":"publish","type":"post","link":"https:\/\/ena2053.fr\/index.php\/2025\/12\/22\/1ere-ag-de-lena\/","title":{"rendered":"1\u00e8re AG de l&rsquo;ENA"},"content":{"rendered":"\n<p>L\u2019AG DE l\u2019ENA COMME SI VOUS Y \u00c9TIEZ !<\/p>\n\n\n\n<p>Bon OK, vous n\u2019aurez pas le son mais vous avez les images.<\/p>\n\n\n\n<p>En parcourant ce diaporama projet\u00e9 lors de notre AG du 13 d\u00e9cembre dernier, vous d\u00e9couvrirez ce qu\u2019on fabrique \u00e0 l\u2019ENA, depuis maintenant pr\u00e8s de 6 mois : ses membres fondateurs, le projet ENA53, les actions en cours et celles \u00e0 venir.<\/p>\n\n\n\n<p>3 points \u00e0 retenir :<\/p>\n\n\n\n<p><img loading=\"lazy\" decoding=\"async\" height=\"16\" width=\"16\" alt=\"1\ufe0f\u20e3\" src=\"https:\/\/static.xx.fbcdn.net\/images\/emoji.php\/v9\/t7a\/1\/16\/31_20e3.png\"> L\u2019ENA est une f\u00e9d\u00e9ration en construction qui cherche \u00e0 r\u00e9unir les acteurs du Libournais qui gravitent dans le champ de la bifurcation \u00e9cologique (mais c\u2019est quoi la bifurcation \u00e9cologique ?&#8230;)<\/p>\n\n\n\n<p><img loading=\"lazy\" decoding=\"async\" height=\"16\" width=\"16\" alt=\"2\ufe0f\u20e3\" src=\"https:\/\/static.xx.fbcdn.net\/images\/emoji.php\/v9\/t99\/1\/16\/32_20e3.png\">Le projet de la f\u00e9d\u00e9ration est de cr\u00e9er une \u00e9cole de la bifurcation sur le territoire (mais pour qui ? avec quels contenus de formation ? et puis quel mod\u00e8le \u00e9conomique ?)<\/p>\n\n\n\n<p><img loading=\"lazy\" decoding=\"async\" height=\"16\" width=\"16\" alt=\"3\ufe0f\u20e3\" src=\"https:\/\/static.xx.fbcdn.net\/images\/emoji.php\/v9\/tb8\/1\/16\/33_20e3.png\">Si vous voulez les r\u00e9ponses aux questions pr\u00e9c\u00e9dentes, rien de plus simple : rejoignez-nous en adh\u00e9rant \u00e0 l\u2019ENA, recevez r\u00e9guli\u00e8rement la lettre d&rsquo;information, venez aux permanences, rejoignez les casques verts; bref : montez \u00e0 bord du navire de la bifurcation !<\/p>\n\n\n\n<p>A bient\u00f4t sur le chemin ?<\/p>\n\n\n\n<div data-wp-interactive=\"core\/file\" class=\"wp-block-file\"><object data-wp-bind--hidden=\"!state.hasPdfPreview\" hidden class=\"wp-block-file__embed\" data=\"https:\/\/ena2053.fr\/wp-content\/uploads\/2026\/03\/AGO_ENA_13_12_25_compressed.pdf\" type=\"application\/pdf\" style=\"width:100%;height:600px\" aria-label=\"Contenu embarqu\u00e9 Diaporama AG.\"><\/object><a id=\"wp-block-file--media-ade6bc2a-d9c8-44be-af67-30c44416d302\" href=\"https:\/\/ena2053.fr\/wp-content\/uploads\/2026\/03\/AGO_ENA_13_12_25_compressed.pdf\">Diaporama AG<\/a><a href=\"https:\/\/ena2053.fr\/wp-content\/uploads\/2026\/03\/AGO_ENA_13_12_25_compressed.pdf\" class=\"wp-block-file__button wp-element-button\" download aria-describedby=\"wp-block-file--media-ade6bc2a-d9c8-44be-af67-30c44416d302\">T\u00e9l\u00e9charger<\/a><\/div>\n\n\n\n<p><\/p>\n","protected":false},"excerpt":{"rendered":"<p>L\u2019AG DE l\u2019ENA COMME SI VOUS Y \u00c9TIEZ ! Bon OK, vous n\u2019aurez pas le son mais vous avez les images. En parcourant ce diaporama projet\u00e9 lors de notre AG [&hellip;]<\/p>\n","protected":false},"author":1,"featured_media":0,"comment_status":"open","ping_status":"open","sticky":false,"template":"","format":"standard","meta":{"_EventAllDay":false,"_EventTimezone":"","_EventStartDate":"","_EventEndDate":"","_EventStartDateUTC":"","_EventEndDateUTC":"","_EventShowMap":false,"_EventShowMapLink":false,"_EventURL":"","_EventCost":"","_EventCostDescription":"","_EventCurrencySymbol":"","_EventCurrencyCode":"","_EventCurrencyPosition":"","_EventDateTimeSeparator":"","_EventTimeRangeSeparator":"","_EventOrganizerID":[],"_EventVenueID":[],"_OrganizerEmail":"","_OrganizerPhone":"","_OrganizerWebsite":"","_VenueAddress":"","_VenueCity":"","_VenueCountry":"","_VenueProvince":"","_VenueState":"","_VenueZip":"","_VenuePhone":"","_VenueURL":"","_VenueStateProvince":"","_VenueLat":"","_VenueLng":"","_VenueShowMap":false,"_VenueShowMapLink":false,"footnotes":""},"categories":[1],"tags":[],"class_list":["post-287","post","type-post","status-publish","format-standard","hentry","category-non-classe"],"yoast_head":"<!-- This site is optimized with the Yoast SEO plugin v25.8 - https:\/\/yoast.com\/wordpress\/plugins\/seo\/ -->\n<title>1\u00e8re AG de l&#039;ENA - \u00c9cole des Naturalistes d&#039;Aquitaine<\/title>\n<meta name=\"robots\" content=\"index, follow, max-snippet:-1, max-image-preview:large, max-video-preview:-1\" \/>\n<link rel=\"canonical\" href=\"https:\/\/ena2053.fr\/index.php\/2025\/12\/22\/1ere-ag-de-lena\/\" \/>\n<meta property=\"og:locale\" content=\"fr_FR\" \/>\n<meta property=\"og:type\" content=\"article\" \/>\n<meta property=\"og:title\" content=\"1\u00e8re AG de l&#039;ENA - \u00c9cole des Naturalistes d&#039;Aquitaine\" \/>\n<meta property=\"og:description\" content=\"L\u2019AG DE l\u2019ENA COMME SI VOUS Y \u00c9TIEZ ! Bon OK, vous n\u2019aurez pas le son mais vous avez les images. En parcourant ce diaporama projet\u00e9 lors de notre AG [&hellip;]\" \/>\n<meta property=\"og:url\" content=\"https:\/\/ena2053.fr\/index.php\/2025\/12\/22\/1ere-ag-de-lena\/\" \/>\n<meta property=\"og:site_name\" content=\"\u00c9cole des Naturalistes d&#039;Aquitaine\" \/>\n<meta property=\"article:published_time\" content=\"2025-12-22T20:40:03+00:00\" \/>\n<meta property=\"article:modified_time\" content=\"2026-03-05T20:45:59+00:00\" \/>\n<meta property=\"og:image\" content=\"https:\/\/static.xx.fbcdn.net\/images\/emoji.php\/v9\/t7a\/1\/16\/31_20e3.png\" \/>\n<meta name=\"author\" content=\"Maelys Giraud\" \/>\n<meta name=\"twitter:card\" content=\"summary_large_image\" \/>\n<meta name=\"twitter:label1\" content=\"\u00c9crit par\" \/>\n\t<meta name=\"twitter:data1\" content=\"Maelys Giraud\" \/>\n\t<meta name=\"twitter:label2\" content=\"Dur\u00e9e de lecture estim\u00e9e\" \/>\n\t<meta name=\"twitter:data2\" content=\"2 minutes\" \/>\n<script type=\"application\/ld+json\" class=\"yoast-schema-graph\">{\"@context\":\"https:\/\/schema.org\",\"@graph\":[{\"@type\":\"Article\",\"@id\":\"https:\/\/ena2053.fr\/index.php\/2025\/12\/22\/1ere-ag-de-lena\/#article\",\"isPartOf\":{\"@id\":\"https:\/\/ena2053.fr\/index.php\/2025\/12\/22\/1ere-ag-de-lena\/\"},\"author\":{\"name\":\"Maelys Giraud\",\"@id\":\"https:\/\/ena2053.fr\/#\/schema\/person\/bf3713a7410fb1f58b10a91fbc53454d\"},\"headline\":\"1\u00e8re AG de l&rsquo;ENA\",\"datePublished\":\"2025-12-22T20:40:03+00:00\",\"dateModified\":\"2026-03-05T20:45:59+00:00\",\"mainEntityOfPage\":{\"@id\":\"https:\/\/ena2053.fr\/index.php\/2025\/12\/22\/1ere-ag-de-lena\/\"},\"wordCount\":192,\"commentCount\":0,\"publisher\":{\"@id\":\"https:\/\/ena2053.fr\/#organization\"},\"image\":{\"@id\":\"https:\/\/ena2053.fr\/index.php\/2025\/12\/22\/1ere-ag-de-lena\/#primaryimage\"},\"thumbnailUrl\":\"https:\/\/static.xx.fbcdn.net\/images\/emoji.php\/v9\/t7a\/1\/16\/31_20e3.png\",\"inLanguage\":\"fr-FR\",\"potentialAction\":[{\"@type\":\"CommentAction\",\"name\":\"Comment\",\"target\":[\"https:\/\/ena2053.fr\/index.php\/2025\/12\/22\/1ere-ag-de-lena\/#respond\"]}]},{\"@type\":\"WebPage\",\"@id\":\"https:\/\/ena2053.fr\/index.php\/2025\/12\/22\/1ere-ag-de-lena\/\",\"url\":\"https:\/\/ena2053.fr\/index.php\/2025\/12\/22\/1ere-ag-de-lena\/\",\"name\":\"1\u00e8re AG de l'ENA - \u00c9cole des Naturalistes d&#039;Aquitaine\",\"isPartOf\":{\"@id\":\"https:\/\/ena2053.fr\/#website\"},\"primaryImageOfPage\":{\"@id\":\"https:\/\/ena2053.fr\/index.php\/2025\/12\/22\/1ere-ag-de-lena\/#primaryimage\"},\"image\":{\"@id\":\"https:\/\/ena2053.fr\/index.php\/2025\/12\/22\/1ere-ag-de-lena\/#primaryimage\"},\"thumbnailUrl\":\"https:\/\/static.xx.fbcdn.net\/images\/emoji.php\/v9\/t7a\/1\/16\/31_20e3.png\",\"datePublished\":\"2025-12-22T20:40:03+00:00\",\"dateModified\":\"2026-03-05T20:45:59+00:00\",\"breadcrumb\":{\"@id\":\"https:\/\/ena2053.fr\/index.php\/2025\/12\/22\/1ere-ag-de-lena\/#breadcrumb\"},\"inLanguage\":\"fr-FR\",\"potentialAction\":[{\"@type\":\"ReadAction\",\"target\":[\"https:\/\/ena2053.fr\/index.php\/2025\/12\/22\/1ere-ag-de-lena\/\"]}]},{\"@type\":\"ImageObject\",\"inLanguage\":\"fr-FR\",\"@id\":\"https:\/\/ena2053.fr\/index.php\/2025\/12\/22\/1ere-ag-de-lena\/#primaryimage\",\"url\":\"https:\/\/static.xx.fbcdn.net\/images\/emoji.php\/v9\/t7a\/1\/16\/31_20e3.png\",\"contentUrl\":\"https:\/\/static.xx.fbcdn.net\/images\/emoji.php\/v9\/t7a\/1\/16\/31_20e3.png\"},{\"@type\":\"BreadcrumbList\",\"@id\":\"https:\/\/ena2053.fr\/index.php\/2025\/12\/22\/1ere-ag-de-lena\/#breadcrumb\",\"itemListElement\":[{\"@type\":\"ListItem\",\"position\":1,\"name\":\"Accueil\",\"item\":\"https:\/\/ena2053.fr\/\"},{\"@type\":\"ListItem\",\"position\":2,\"name\":\"1\u00e8re AG de l&rsquo;ENA\"}]},{\"@type\":\"WebSite\",\"@id\":\"https:\/\/ena2053.fr\/#website\",\"url\":\"https:\/\/ena2053.fr\/\",\"name\":\"\u00c9cole des Naturalistes d'Aquitaine\",\"description\":\"Pour une nouvelle \u00e9cole de la vie\",\"publisher\":{\"@id\":\"https:\/\/ena2053.fr\/#organization\"},\"potentialAction\":[{\"@type\":\"SearchAction\",\"target\":{\"@type\":\"EntryPoint\",\"urlTemplate\":\"https:\/\/ena2053.fr\/?s={search_term_string}\"},\"query-input\":{\"@type\":\"PropertyValueSpecification\",\"valueRequired\":true,\"valueName\":\"search_term_string\"}}],\"inLanguage\":\"fr-FR\"},{\"@type\":\"Organization\",\"@id\":\"https:\/\/ena2053.fr\/#organization\",\"name\":\"\u00c9cole des Naturalistes d'Aquitaine\",\"url\":\"https:\/\/ena2053.fr\/\",\"logo\":{\"@type\":\"ImageObject\",\"inLanguage\":\"fr-FR\",\"@id\":\"https:\/\/ena2053.fr\/#\/schema\/logo\/image\/\",\"url\":\"https:\/\/ena2053.fr\/wp-content\/uploads\/2025\/08\/cropped-LOGO_FOND_VERTF.png\",\"contentUrl\":\"https:\/\/ena2053.fr\/wp-content\/uploads\/2025\/08\/cropped-LOGO_FOND_VERTF.png\",\"width\":512,\"height\":512,\"caption\":\"\u00c9cole des Naturalistes d'Aquitaine\"},\"image\":{\"@id\":\"https:\/\/ena2053.fr\/#\/schema\/logo\/image\/\"}},{\"@type\":\"Person\",\"@id\":\"https:\/\/ena2053.fr\/#\/schema\/person\/bf3713a7410fb1f58b10a91fbc53454d\",\"name\":\"Maelys Giraud\",\"image\":{\"@type\":\"ImageObject\",\"inLanguage\":\"fr-FR\",\"@id\":\"https:\/\/ena2053.fr\/#\/schema\/person\/image\/\",\"url\":\"https:\/\/secure.gravatar.com\/avatar\/0b723a35a2d85797a9715f6d3fe5143922f6a252223707d8bf41a76fcec2c98c?s=96&d=mm&r=g\",\"contentUrl\":\"https:\/\/secure.gravatar.com\/avatar\/0b723a35a2d85797a9715f6d3fe5143922f6a252223707d8bf41a76fcec2c98c?s=96&d=mm&r=g\",\"caption\":\"Maelys Giraud\"},\"sameAs\":[\"http:\/\/ena2053.fr\"],\"url\":\"https:\/\/ena2053.fr\/index.php\/author\/admin5443\/\"}]}<\/script>\n<!-- \/ Yoast SEO plugin. -->","yoast_head_json":{"title":"1\u00e8re AG de l'ENA - \u00c9cole des Naturalistes d&#039;Aquitaine","robots":{"index":"index","follow":"follow","max-snippet":"max-snippet:-1","max-image-preview":"max-image-preview:large","max-video-preview":"max-video-preview:-1"},"canonical":"https:\/\/ena2053.fr\/index.php\/2025\/12\/22\/1ere-ag-de-lena\/","og_locale":"fr_FR","og_type":"article","og_title":"1\u00e8re AG de l'ENA - \u00c9cole des Naturalistes d&#039;Aquitaine","og_description":"L\u2019AG DE l\u2019ENA COMME SI VOUS Y \u00c9TIEZ ! Bon OK, vous n\u2019aurez pas le son mais vous avez les images. En parcourant ce diaporama projet\u00e9 lors de notre AG [&hellip;]","og_url":"https:\/\/ena2053.fr\/index.php\/2025\/12\/22\/1ere-ag-de-lena\/","og_site_name":"\u00c9cole des Naturalistes d&#039;Aquitaine","article_published_time":"2025-12-22T20:40:03+00:00","article_modified_time":"2026-03-05T20:45:59+00:00","og_image":[{"url":"https:\/\/static.xx.fbcdn.net\/images\/emoji.php\/v9\/t7a\/1\/16\/31_20e3.png","type":"","width":"","height":""}],"author":"Maelys Giraud","twitter_card":"summary_large_image","twitter_misc":{"\u00c9crit par":"Maelys Giraud","Dur\u00e9e de lecture estim\u00e9e":"2 minutes"},"schema":{"@context":"https:\/\/schema.org","@graph":[{"@type":"Article","@id":"https:\/\/ena2053.fr\/index.php\/2025\/12\/22\/1ere-ag-de-lena\/#article","isPartOf":{"@id":"https:\/\/ena2053.fr\/index.php\/2025\/12\/22\/1ere-ag-de-lena\/"},"author":{"name":"Maelys Giraud","@id":"https:\/\/ena2053.fr\/#\/schema\/person\/bf3713a7410fb1f58b10a91fbc53454d"},"headline":"1\u00e8re AG de l&rsquo;ENA","datePublished":"2025-12-22T20:40:03+00:00","dateModified":"2026-03-05T20:45:59+00:00","mainEntityOfPage":{"@id":"https:\/\/ena2053.fr\/index.php\/2025\/12\/22\/1ere-ag-de-lena\/"},"wordCount":192,"commentCount":0,"publisher":{"@id":"https:\/\/ena2053.fr\/#organization"},"image":{"@id":"https:\/\/ena2053.fr\/index.php\/2025\/12\/22\/1ere-ag-de-lena\/#primaryimage"},"thumbnailUrl":"https:\/\/static.xx.fbcdn.net\/images\/emoji.php\/v9\/t7a\/1\/16\/31_20e3.png","inLanguage":"fr-FR","potentialAction":[{"@type":"CommentAction","name":"Comment","target":["https:\/\/ena2053.fr\/index.php\/2025\/12\/22\/1ere-ag-de-lena\/#respond"]}]},{"@type":"WebPage","@id":"https:\/\/ena2053.fr\/index.php\/2025\/12\/22\/1ere-ag-de-lena\/","url":"https:\/\/ena2053.fr\/index.php\/2025\/12\/22\/1ere-ag-de-lena\/","name":"1\u00e8re AG de l'ENA - \u00c9cole des Naturalistes d&#039;Aquitaine","isPartOf":{"@id":"https:\/\/ena2053.fr\/#website"},"primaryImageOfPage":{"@id":"https:\/\/ena2053.fr\/index.php\/2025\/12\/22\/1ere-ag-de-lena\/#primaryimage"},"image":{"@id":"https:\/\/ena2053.fr\/index.php\/2025\/12\/22\/1ere-ag-de-lena\/#primaryimage"},"thumbnailUrl":"https:\/\/static.xx.fbcdn.net\/images\/emoji.php\/v9\/t7a\/1\/16\/31_20e3.png","datePublished":"2025-12-22T20:40:03+00:00","dateModified":"2026-03-05T20:45:59+00:00","breadcrumb":{"@id":"https:\/\/ena2053.fr\/index.php\/2025\/12\/22\/1ere-ag-de-lena\/#breadcrumb"},"inLanguage":"fr-FR","potentialAction":[{"@type":"ReadAction","target":["https:\/\/ena2053.fr\/index.php\/2025\/12\/22\/1ere-ag-de-lena\/"]}]},{"@type":"ImageObject","inLanguage":"fr-FR","@id":"https:\/\/ena2053.fr\/index.php\/2025\/12\/22\/1ere-ag-de-lena\/#primaryimage","url":"https:\/\/static.xx.fbcdn.net\/images\/emoji.php\/v9\/t7a\/1\/16\/31_20e3.png","contentUrl":"https:\/\/static.xx.fbcdn.net\/images\/emoji.php\/v9\/t7a\/1\/16\/31_20e3.png"},{"@type":"BreadcrumbList","@id":"https:\/\/ena2053.fr\/index.php\/2025\/12\/22\/1ere-ag-de-lena\/#breadcrumb","itemListElement":[{"@type":"ListItem","position":1,"name":"Accueil","item":"https:\/\/ena2053.fr\/"},{"@type":"ListItem","position":2,"name":"1\u00e8re AG de l&rsquo;ENA"}]},{"@type":"WebSite","@id":"https:\/\/ena2053.fr\/#website","url":"https:\/\/ena2053.fr\/","name":"\u00c9cole des Naturalistes d'Aquitaine","description":"Pour une nouvelle \u00e9cole de la vie","publisher":{"@id":"https:\/\/ena2053.fr\/#organization"},"potentialAction":[{"@type":"SearchAction","target":{"@type":"EntryPoint","urlTemplate":"https:\/\/ena2053.fr\/?s={search_term_string}"},"query-input":{"@type":"PropertyValueSpecification","valueRequired":true,"valueName":"search_term_string"}}],"inLanguage":"fr-FR"},{"@type":"Organization","@id":"https:\/\/ena2053.fr\/#organization","name":"\u00c9cole des Naturalistes d'Aquitaine","url":"https:\/\/ena2053.fr\/","logo":{"@type":"ImageObject","inLanguage":"fr-FR","@id":"https:\/\/ena2053.fr\/#\/schema\/logo\/image\/","url":"https:\/\/ena2053.fr\/wp-content\/uploads\/2025\/08\/cropped-LOGO_FOND_VERTF.png","contentUrl":"https:\/\/ena2053.fr\/wp-content\/uploads\/2025\/08\/cropped-LOGO_FOND_VERTF.png","width":512,"height":512,"caption":"\u00c9cole des Naturalistes d'Aquitaine"},"image":{"@id":"https:\/\/ena2053.fr\/#\/schema\/logo\/image\/"}},{"@type":"Person","@id":"https:\/\/ena2053.fr\/#\/schema\/person\/bf3713a7410fb1f58b10a91fbc53454d","name":"Maelys Giraud","image":{"@type":"ImageObject","inLanguage":"fr-FR","@id":"https:\/\/ena2053.fr\/#\/schema\/person\/image\/","url":"https:\/\/secure.gravatar.com\/avatar\/0b723a35a2d85797a9715f6d3fe5143922f6a252223707d8bf41a76fcec2c98c?s=96&d=mm&r=g","contentUrl":"https:\/\/secure.gravatar.com\/avatar\/0b723a35a2d85797a9715f6d3fe5143922f6a252223707d8bf41a76fcec2c98c?s=96&d=mm&r=g","caption":"Maelys Giraud"},"sameAs":["http:\/\/ena2053.fr"],"url":"https:\/\/ena2053.fr\/index.php\/author\/admin5443\/"}]}},"_links":{"self":[{"href":"https:\/\/ena2053.fr\/index.php\/wp-json\/wp\/v2\/posts\/287","targetHints":{"allow":["GET"]}}],"collection":[{"href":"https:\/\/ena2053.fr\/index.php\/wp-json\/wp\/v2\/posts"}],"about":[{"href":"https:\/\/ena2053.fr\/index.php\/wp-json\/wp\/v2\/types\/post"}],"author":[{"embeddable":true,"href":"https:\/\/ena2053.fr\/index.php\/wp-json\/wp\/v2\/users\/1"}],"replies":[{"embeddable":true,"href":"https:\/\/ena2053.fr\/index.php\/wp-json\/wp\/v2\/comments?post=287"}],"version-history":[{"count":1,"href":"https:\/\/ena2053.fr\/index.php\/wp-json\/wp\/v2\/posts\/287\/revisions"}],"predecessor-version":[{"id":289,"href":"https:\/\/ena2053.fr\/index.php\/wp-json\/wp\/v2\/posts\/287\/revisions\/289"}],"wp:attachment":[{"href":"https:\/\/ena2053.fr\/index.php\/wp-json\/wp\/v2\/media?parent=287"}],"wp:term":[{"taxonomy":"category","embeddable":true,"href":"https:\/\/ena2053.fr\/index.php\/wp-json\/wp\/v2\/categories?post=287"},{"taxonomy":"post_tag","embeddable":true,"href":"https:\/\/ena2053.fr\/index.php\/wp-json\/wp\/v2\/tags?post=287"}],"curies":[{"name":"wp","href":"https:\/\/api.w.org\/{rel}","templated":true}]}}