{"id":290,"date":"2026-01-10T22:19:49","date_gmt":"2026-01-10T21:19:49","guid":{"rendered":"https:\/\/ena2053.fr\/?p=290"},"modified":"2026-03-05T22:21:54","modified_gmt":"2026-03-05T21:21:54","slug":"rentree-de-lena-lecture-et-cinema-engage","status":"publish","type":"post","link":"https:\/\/ena2053.fr\/index.php\/2026\/01\/10\/rentree-de-lena-lecture-et-cinema-engage\/","title":{"rendered":"Rentr\u00e9e de l&rsquo;ENA: Lecture et cin\u00e9ma engag\u00e9"},"content":{"rendered":"\n<p>LA RENTR\u00c9E DE l\u2019ENA : ENTRE LECTURE ET CIN\u00c9MA ENGAG\u00c9<\/p>\n\n\n\n<p>Jeudi dernier, c\u2019\u00e9tait le lancement du club lecture de l\u2019ENA \u00e0 la Librairie acacia. Un beau moment d\u2019\u00e9change entre les casques verts de l\u2019ENA et le public pr\u00e9sent.<\/p>\n\n\n\n<p>Pourquoi un club lecture au sein de l\u2019ENA ? Pour partager des lectures, des podcasts, des auteurs et des r\u00e9flexions sur l\u2019\u00e9tat du monde et les solutions qu\u2019on peut localement tenter d\u2019y apporter.<\/p>\n\n\n\n<p>Les participants ont pr\u00e9sent\u00e9 des d\u2019ouvrages vari\u00e9s et compl\u00e9mentaires (BD, roman, fictions, essais) en rapport avec un \u00ab \u00e9co-mot \u00bb : \u00e9cologie, \u00e9cocide, \u00e9co-h\u00e9ro\u00efsme, etc. S\u2019accorder sur le sens des mots est un pr\u00e9lude indispensable \u00e0 toute bataille id\u00e9ologique.<\/p>\n\n\n\n<p>Ensuite, place au cin\u00e9ma engag\u00e9 avec la projection de Sh\u2019hili en pr\u00e9sence de son r\u00e9alisateur Habib Ayeb. Un beau moment de v\u00e9rit\u00e9, pas forc\u00e9ment facile \u00e0 \u00ab dig\u00e9rer \u00bb mais qui permet de mieux comprendre les injustices \u00e9conomiques, sociales et environnementales subies de plein fouet par les pays du Sud. Il y a \u00e9t\u00e9 question d\u2019impacts du changement climatique dans les pays m\u00e9diterran\u00e9ens, de n\u00e9ocolonialisme, de paysannerie et de r\u00e9sistance face aux forces du capitalisme destructeur.<\/p>\n\n\n\n<p>Les \u00e9changes avec le public n\u2019ont pas permis d\u2019aborder les pistes de solutions et les initiatives naissantes sur le territoire pour tenter de r\u00e9pondre localement \u00e0 ce qui nous arrive droit devant. Mais ce n\u2019est que partie remise avec notre prochaine invit\u00e9e du mois de f\u00e9vrier.<\/p>\n\n\n\n<p>A suivre\u2026<\/p>\n\n\n\n<figure class=\"wp-block-gallery has-nested-images columns-default is-cropped wp-block-gallery-1 is-layout-flex wp-block-gallery-is-layout-flex\">\n<figure class=\"wp-block-image size-large\"><img loading=\"lazy\" decoding=\"async\" width=\"1024\" height=\"584\" data-id=\"291\" src=\"https:\/\/ena2053.fr\/wp-content\/uploads\/2026\/03\/613190010_122120407701014633_1588926450616293418_n-1024x584.jpg\" alt=\"\" class=\"wp-image-291\" srcset=\"https:\/\/ena2053.fr\/wp-content\/uploads\/2026\/03\/613190010_122120407701014633_1588926450616293418_n-1024x584.jpg 1024w, https:\/\/ena2053.fr\/wp-content\/uploads\/2026\/03\/613190010_122120407701014633_1588926450616293418_n-300x171.jpg 300w, https:\/\/ena2053.fr\/wp-content\/uploads\/2026\/03\/613190010_122120407701014633_1588926450616293418_n-768x438.jpg 768w, https:\/\/ena2053.fr\/wp-content\/uploads\/2026\/03\/613190010_122120407701014633_1588926450616293418_n.jpg 1070w\" sizes=\"auto, (max-width: 1024px) 100vw, 1024px\" \/><\/figure>\n\n\n\n<figure class=\"wp-block-image size-large\"><img loading=\"lazy\" decoding=\"async\" width=\"901\" height=\"1024\" data-id=\"292\" src=\"https:\/\/ena2053.fr\/wp-content\/uploads\/2026\/03\/614960002_122120407755014633_7647505439116887486_n-901x1024.jpg\" alt=\"\" class=\"wp-image-292\" srcset=\"https:\/\/ena2053.fr\/wp-content\/uploads\/2026\/03\/614960002_122120407755014633_7647505439116887486_n-901x1024.jpg 901w, https:\/\/ena2053.fr\/wp-content\/uploads\/2026\/03\/614960002_122120407755014633_7647505439116887486_n-264x300.jpg 264w, https:\/\/ena2053.fr\/wp-content\/uploads\/2026\/03\/614960002_122120407755014633_7647505439116887486_n-768x872.jpg 768w, https:\/\/ena2053.fr\/wp-content\/uploads\/2026\/03\/614960002_122120407755014633_7647505439116887486_n.jpg 985w\" sizes=\"auto, (max-width: 901px) 100vw, 901px\" \/><\/figure>\n\n\n\n<figure class=\"wp-block-image size-large\"><img loading=\"lazy\" decoding=\"async\" width=\"1024\" height=\"768\" data-id=\"293\" src=\"https:\/\/ena2053.fr\/wp-content\/uploads\/2026\/03\/612956659_122120407749014633_1872042890094723_n-1024x768.jpg\" alt=\"\" class=\"wp-image-293\" srcset=\"https:\/\/ena2053.fr\/wp-content\/uploads\/2026\/03\/612956659_122120407749014633_1872042890094723_n-1024x768.jpg 1024w, https:\/\/ena2053.fr\/wp-content\/uploads\/2026\/03\/612956659_122120407749014633_1872042890094723_n-300x225.jpg 300w, https:\/\/ena2053.fr\/wp-content\/uploads\/2026\/03\/612956659_122120407749014633_1872042890094723_n-768x576.jpg 768w, https:\/\/ena2053.fr\/wp-content\/uploads\/2026\/03\/612956659_122120407749014633_1872042890094723_n-1536x1152.jpg 1536w, https:\/\/ena2053.fr\/wp-content\/uploads\/2026\/03\/612956659_122120407749014633_1872042890094723_n.jpg 2048w\" sizes=\"auto, (max-width: 1024px) 100vw, 1024px\" \/><\/figure>\n\n\n\n<figure class=\"wp-block-image size-large\"><img loading=\"lazy\" decoding=\"async\" width=\"1024\" height=\"498\" data-id=\"295\" src=\"https:\/\/ena2053.fr\/wp-content\/uploads\/2026\/03\/613996749_122120408133014633_6141649144271525191_n-1024x498.jpg\" alt=\"\" class=\"wp-image-295\" srcset=\"https:\/\/ena2053.fr\/wp-content\/uploads\/2026\/03\/613996749_122120408133014633_6141649144271525191_n-1024x498.jpg 1024w, https:\/\/ena2053.fr\/wp-content\/uploads\/2026\/03\/613996749_122120408133014633_6141649144271525191_n-300x146.jpg 300w, https:\/\/ena2053.fr\/wp-content\/uploads\/2026\/03\/613996749_122120408133014633_6141649144271525191_n-768x373.jpg 768w, https:\/\/ena2053.fr\/wp-content\/uploads\/2026\/03\/613996749_122120408133014633_6141649144271525191_n-1536x746.jpg 1536w, https:\/\/ena2053.fr\/wp-content\/uploads\/2026\/03\/613996749_122120408133014633_6141649144271525191_n-2048x995.jpg 2048w\" sizes=\"auto, (max-width: 1024px) 100vw, 1024px\" \/><\/figure>\n\n\n\n<figure class=\"wp-block-image size-large\"><img loading=\"lazy\" decoding=\"async\" width=\"1024\" height=\"768\" data-id=\"296\" src=\"https:\/\/ena2053.fr\/wp-content\/uploads\/2026\/03\/612724027_122120408037014633_2889445267917788336_n-1024x768.jpg\" alt=\"\" class=\"wp-image-296\" srcset=\"https:\/\/ena2053.fr\/wp-content\/uploads\/2026\/03\/612724027_122120408037014633_2889445267917788336_n-1024x768.jpg 1024w, https:\/\/ena2053.fr\/wp-content\/uploads\/2026\/03\/612724027_122120408037014633_2889445267917788336_n-300x225.jpg 300w, https:\/\/ena2053.fr\/wp-content\/uploads\/2026\/03\/612724027_122120408037014633_2889445267917788336_n-768x576.jpg 768w, https:\/\/ena2053.fr\/wp-content\/uploads\/2026\/03\/612724027_122120408037014633_2889445267917788336_n-1536x1152.jpg 1536w, https:\/\/ena2053.fr\/wp-content\/uploads\/2026\/03\/612724027_122120408037014633_2889445267917788336_n.jpg 2048w\" sizes=\"auto, (max-width: 1024px) 100vw, 1024px\" \/><\/figure>\n\n\n\n<figure class=\"wp-block-image size-large\"><img loading=\"lazy\" decoding=\"async\" width=\"1024\" height=\"768\" data-id=\"294\" src=\"https:\/\/ena2053.fr\/wp-content\/uploads\/2026\/03\/612927631_122120408043014633_4448492264493732251_n-1024x768.jpg\" alt=\"\" class=\"wp-image-294\" srcset=\"https:\/\/ena2053.fr\/wp-content\/uploads\/2026\/03\/612927631_122120408043014633_4448492264493732251_n-1024x768.jpg 1024w, https:\/\/ena2053.fr\/wp-content\/uploads\/2026\/03\/612927631_122120408043014633_4448492264493732251_n-300x225.jpg 300w, https:\/\/ena2053.fr\/wp-content\/uploads\/2026\/03\/612927631_122120408043014633_4448492264493732251_n-768x576.jpg 768w, https:\/\/ena2053.fr\/wp-content\/uploads\/2026\/03\/612927631_122120408043014633_4448492264493732251_n-1536x1152.jpg 1536w, https:\/\/ena2053.fr\/wp-content\/uploads\/2026\/03\/612927631_122120408043014633_4448492264493732251_n.jpg 2048w\" sizes=\"auto, (max-width: 1024px) 100vw, 1024px\" \/><\/figure>\n<\/figure>\n\n\n\n<p><\/p>\n","protected":false},"excerpt":{"rendered":"<p>LA RENTR\u00c9E DE l\u2019ENA : ENTRE LECTURE ET CIN\u00c9MA ENGAG\u00c9 Jeudi dernier, c\u2019\u00e9tait le lancement du club lecture de l\u2019ENA \u00e0 la Librairie acacia. Un beau moment d\u2019\u00e9change entre les [&hellip;]<\/p>\n","protected":false},"author":1,"featured_media":0,"comment_status":"open","ping_status":"open","sticky":false,"template":"","format":"standard","meta":{"_EventAllDay":false,"_EventTimezone":"","_EventStartDate":"","_EventEndDate":"","_EventStartDateUTC":"","_EventEndDateUTC":"","_EventShowMap":false,"_EventShowMapLink":false,"_EventURL":"","_EventCost":"","_EventCostDescription":"","_EventCurrencySymbol":"","_EventCurrencyCode":"","_EventCurrencyPosition":"","_EventDateTimeSeparator":"","_EventTimeRangeSeparator":"","_EventOrganizerID":[],"_EventVenueID":[],"_OrganizerEmail":"","_OrganizerPhone":"","_OrganizerWebsite":"","_VenueAddress":"","_VenueCity":"","_VenueCountry":"","_VenueProvince":"","_VenueState":"","_VenueZip":"","_VenuePhone":"","_VenueURL":"","_VenueStateProvince":"","_VenueLat":"","_VenueLng":"","_VenueShowMap":false,"_VenueShowMapLink":false,"footnotes":""},"categories":[1],"tags":[],"class_list":["post-290","post","type-post","status-publish","format-standard","hentry","category-non-classe"],"yoast_head":"<!-- This site is optimized with the Yoast SEO plugin v25.8 - https:\/\/yoast.com\/wordpress\/plugins\/seo\/ -->\n<title>Rentr\u00e9e de l&#039;ENA: Lecture et cin\u00e9ma engag\u00e9 - \u00c9cole des Naturalistes d&#039;Aquitaine<\/title>\n<meta name=\"robots\" content=\"index, follow, max-snippet:-1, max-image-preview:large, max-video-preview:-1\" \/>\n<link rel=\"canonical\" href=\"https:\/\/ena2053.fr\/index.php\/2026\/01\/10\/rentree-de-lena-lecture-et-cinema-engage\/\" \/>\n<meta property=\"og:locale\" content=\"fr_FR\" \/>\n<meta property=\"og:type\" content=\"article\" \/>\n<meta property=\"og:title\" content=\"Rentr\u00e9e de l&#039;ENA: Lecture et cin\u00e9ma engag\u00e9 - \u00c9cole des Naturalistes d&#039;Aquitaine\" \/>\n<meta property=\"og:description\" content=\"LA RENTR\u00c9E DE l\u2019ENA : ENTRE LECTURE ET CIN\u00c9MA ENGAG\u00c9 Jeudi dernier, c\u2019\u00e9tait le lancement du club lecture de l\u2019ENA \u00e0 la Librairie acacia. Un beau moment d\u2019\u00e9change entre les [&hellip;]\" \/>\n<meta property=\"og:url\" content=\"https:\/\/ena2053.fr\/index.php\/2026\/01\/10\/rentree-de-lena-lecture-et-cinema-engage\/\" \/>\n<meta property=\"og:site_name\" content=\"\u00c9cole des Naturalistes d&#039;Aquitaine\" \/>\n<meta property=\"article:published_time\" content=\"2026-01-10T21:19:49+00:00\" \/>\n<meta property=\"article:modified_time\" content=\"2026-03-05T21:21:54+00:00\" \/>\n<meta property=\"og:image\" content=\"https:\/\/ena2053.fr\/wp-content\/uploads\/2026\/03\/613190010_122120407701014633_1588926450616293418_n.jpg\" \/>\n\t<meta property=\"og:image:width\" content=\"1070\" \/>\n\t<meta property=\"og:image:height\" content=\"610\" \/>\n\t<meta property=\"og:image:type\" content=\"image\/jpeg\" \/>\n<meta name=\"author\" content=\"Maelys Giraud\" \/>\n<meta name=\"twitter:card\" content=\"summary_large_image\" \/>\n<meta name=\"twitter:label1\" content=\"\u00c9crit par\" \/>\n\t<meta name=\"twitter:data1\" content=\"Maelys Giraud\" \/>\n\t<meta name=\"twitter:label2\" content=\"Dur\u00e9e de lecture estim\u00e9e\" \/>\n\t<meta name=\"twitter:data2\" content=\"3 minutes\" \/>\n<script type=\"application\/ld+json\" class=\"yoast-schema-graph\">{\"@context\":\"https:\/\/schema.org\",\"@graph\":[{\"@type\":\"Article\",\"@id\":\"https:\/\/ena2053.fr\/index.php\/2026\/01\/10\/rentree-de-lena-lecture-et-cinema-engage\/#article\",\"isPartOf\":{\"@id\":\"https:\/\/ena2053.fr\/index.php\/2026\/01\/10\/rentree-de-lena-lecture-et-cinema-engage\/\"},\"author\":{\"name\":\"Maelys Giraud\",\"@id\":\"https:\/\/ena2053.fr\/#\/schema\/person\/bf3713a7410fb1f58b10a91fbc53454d\"},\"headline\":\"Rentr\u00e9e de l&rsquo;ENA: Lecture et cin\u00e9ma engag\u00e9\",\"datePublished\":\"2026-01-10T21:19:49+00:00\",\"dateModified\":\"2026-03-05T21:21:54+00:00\",\"mainEntityOfPage\":{\"@id\":\"https:\/\/ena2053.fr\/index.php\/2026\/01\/10\/rentree-de-lena-lecture-et-cinema-engage\/\"},\"wordCount\":273,\"commentCount\":0,\"publisher\":{\"@id\":\"https:\/\/ena2053.fr\/#organization\"},\"image\":{\"@id\":\"https:\/\/ena2053.fr\/index.php\/2026\/01\/10\/rentree-de-lena-lecture-et-cinema-engage\/#primaryimage\"},\"thumbnailUrl\":\"https:\/\/ena2053.fr\/wp-content\/uploads\/2026\/03\/613190010_122120407701014633_1588926450616293418_n-1024x584.jpg\",\"inLanguage\":\"fr-FR\",\"potentialAction\":[{\"@type\":\"CommentAction\",\"name\":\"Comment\",\"target\":[\"https:\/\/ena2053.fr\/index.php\/2026\/01\/10\/rentree-de-lena-lecture-et-cinema-engage\/#respond\"]}]},{\"@type\":\"WebPage\",\"@id\":\"https:\/\/ena2053.fr\/index.php\/2026\/01\/10\/rentree-de-lena-lecture-et-cinema-engage\/\",\"url\":\"https:\/\/ena2053.fr\/index.php\/2026\/01\/10\/rentree-de-lena-lecture-et-cinema-engage\/\",\"name\":\"Rentr\u00e9e de l'ENA: Lecture et cin\u00e9ma engag\u00e9 - \u00c9cole des Naturalistes d&#039;Aquitaine\",\"isPartOf\":{\"@id\":\"https:\/\/ena2053.fr\/#website\"},\"primaryImageOfPage\":{\"@id\":\"https:\/\/ena2053.fr\/index.php\/2026\/01\/10\/rentree-de-lena-lecture-et-cinema-engage\/#primaryimage\"},\"image\":{\"@id\":\"https:\/\/ena2053.fr\/index.php\/2026\/01\/10\/rentree-de-lena-lecture-et-cinema-engage\/#primaryimage\"},\"thumbnailUrl\":\"https:\/\/ena2053.fr\/wp-content\/uploads\/2026\/03\/613190010_122120407701014633_1588926450616293418_n-1024x584.jpg\",\"datePublished\":\"2026-01-10T21:19:49+00:00\",\"dateModified\":\"2026-03-05T21:21:54+00:00\",\"breadcrumb\":{\"@id\":\"https:\/\/ena2053.fr\/index.php\/2026\/01\/10\/rentree-de-lena-lecture-et-cinema-engage\/#breadcrumb\"},\"inLanguage\":\"fr-FR\",\"potentialAction\":[{\"@type\":\"ReadAction\",\"target\":[\"https:\/\/ena2053.fr\/index.php\/2026\/01\/10\/rentree-de-lena-lecture-et-cinema-engage\/\"]}]},{\"@type\":\"ImageObject\",\"inLanguage\":\"fr-FR\",\"@id\":\"https:\/\/ena2053.fr\/index.php\/2026\/01\/10\/rentree-de-lena-lecture-et-cinema-engage\/#primaryimage\",\"url\":\"https:\/\/ena2053.fr\/wp-content\/uploads\/2026\/03\/613190010_122120407701014633_1588926450616293418_n.jpg\",\"contentUrl\":\"https:\/\/ena2053.fr\/wp-content\/uploads\/2026\/03\/613190010_122120407701014633_1588926450616293418_n.jpg\",\"width\":1070,\"height\":610},{\"@type\":\"BreadcrumbList\",\"@id\":\"https:\/\/ena2053.fr\/index.php\/2026\/01\/10\/rentree-de-lena-lecture-et-cinema-engage\/#breadcrumb\",\"itemListElement\":[{\"@type\":\"ListItem\",\"position\":1,\"name\":\"Accueil\",\"item\":\"https:\/\/ena2053.fr\/\"},{\"@type\":\"ListItem\",\"position\":2,\"name\":\"Rentr\u00e9e de l&rsquo;ENA: Lecture et cin\u00e9ma engag\u00e9\"}]},{\"@type\":\"WebSite\",\"@id\":\"https:\/\/ena2053.fr\/#website\",\"url\":\"https:\/\/ena2053.fr\/\",\"name\":\"\u00c9cole des Naturalistes d'Aquitaine\",\"description\":\"Pour une nouvelle \u00e9cole de la vie\",\"publisher\":{\"@id\":\"https:\/\/ena2053.fr\/#organization\"},\"potentialAction\":[{\"@type\":\"SearchAction\",\"target\":{\"@type\":\"EntryPoint\",\"urlTemplate\":\"https:\/\/ena2053.fr\/?s={search_term_string}\"},\"query-input\":{\"@type\":\"PropertyValueSpecification\",\"valueRequired\":true,\"valueName\":\"search_term_string\"}}],\"inLanguage\":\"fr-FR\"},{\"@type\":\"Organization\",\"@id\":\"https:\/\/ena2053.fr\/#organization\",\"name\":\"\u00c9cole des Naturalistes d'Aquitaine\",\"url\":\"https:\/\/ena2053.fr\/\",\"logo\":{\"@type\":\"ImageObject\",\"inLanguage\":\"fr-FR\",\"@id\":\"https:\/\/ena2053.fr\/#\/schema\/logo\/image\/\",\"url\":\"https:\/\/ena2053.fr\/wp-content\/uploads\/2025\/08\/cropped-LOGO_FOND_VERTF.png\",\"contentUrl\":\"https:\/\/ena2053.fr\/wp-content\/uploads\/2025\/08\/cropped-LOGO_FOND_VERTF.png\",\"width\":512,\"height\":512,\"caption\":\"\u00c9cole des Naturalistes d'Aquitaine\"},\"image\":{\"@id\":\"https:\/\/ena2053.fr\/#\/schema\/logo\/image\/\"}},{\"@type\":\"Person\",\"@id\":\"https:\/\/ena2053.fr\/#\/schema\/person\/bf3713a7410fb1f58b10a91fbc53454d\",\"name\":\"Maelys Giraud\",\"image\":{\"@type\":\"ImageObject\",\"inLanguage\":\"fr-FR\",\"@id\":\"https:\/\/ena2053.fr\/#\/schema\/person\/image\/\",\"url\":\"https:\/\/secure.gravatar.com\/avatar\/0b723a35a2d85797a9715f6d3fe5143922f6a252223707d8bf41a76fcec2c98c?s=96&d=mm&r=g\",\"contentUrl\":\"https:\/\/secure.gravatar.com\/avatar\/0b723a35a2d85797a9715f6d3fe5143922f6a252223707d8bf41a76fcec2c98c?s=96&d=mm&r=g\",\"caption\":\"Maelys Giraud\"},\"sameAs\":[\"http:\/\/ena2053.fr\"],\"url\":\"https:\/\/ena2053.fr\/index.php\/author\/admin5443\/\"}]}<\/script>\n<!-- \/ Yoast SEO plugin. -->","yoast_head_json":{"title":"Rentr\u00e9e de l'ENA: Lecture et cin\u00e9ma engag\u00e9 - \u00c9cole des Naturalistes d&#039;Aquitaine","robots":{"index":"index","follow":"follow","max-snippet":"max-snippet:-1","max-image-preview":"max-image-preview:large","max-video-preview":"max-video-preview:-1"},"canonical":"https:\/\/ena2053.fr\/index.php\/2026\/01\/10\/rentree-de-lena-lecture-et-cinema-engage\/","og_locale":"fr_FR","og_type":"article","og_title":"Rentr\u00e9e de l'ENA: Lecture et cin\u00e9ma engag\u00e9 - \u00c9cole des Naturalistes d&#039;Aquitaine","og_description":"LA RENTR\u00c9E DE l\u2019ENA : ENTRE LECTURE ET CIN\u00c9MA ENGAG\u00c9 Jeudi dernier, c\u2019\u00e9tait le lancement du club lecture de l\u2019ENA \u00e0 la Librairie acacia. Un beau moment d\u2019\u00e9change entre les [&hellip;]","og_url":"https:\/\/ena2053.fr\/index.php\/2026\/01\/10\/rentree-de-lena-lecture-et-cinema-engage\/","og_site_name":"\u00c9cole des Naturalistes d&#039;Aquitaine","article_published_time":"2026-01-10T21:19:49+00:00","article_modified_time":"2026-03-05T21:21:54+00:00","og_image":[{"width":1070,"height":610,"url":"https:\/\/ena2053.fr\/wp-content\/uploads\/2026\/03\/613190010_122120407701014633_1588926450616293418_n.jpg","type":"image\/jpeg"}],"author":"Maelys Giraud","twitter_card":"summary_large_image","twitter_misc":{"\u00c9crit par":"Maelys Giraud","Dur\u00e9e de lecture estim\u00e9e":"3 minutes"},"schema":{"@context":"https:\/\/schema.org","@graph":[{"@type":"Article","@id":"https:\/\/ena2053.fr\/index.php\/2026\/01\/10\/rentree-de-lena-lecture-et-cinema-engage\/#article","isPartOf":{"@id":"https:\/\/ena2053.fr\/index.php\/2026\/01\/10\/rentree-de-lena-lecture-et-cinema-engage\/"},"author":{"name":"Maelys Giraud","@id":"https:\/\/ena2053.fr\/#\/schema\/person\/bf3713a7410fb1f58b10a91fbc53454d"},"headline":"Rentr\u00e9e de l&rsquo;ENA: Lecture et cin\u00e9ma engag\u00e9","datePublished":"2026-01-10T21:19:49+00:00","dateModified":"2026-03-05T21:21:54+00:00","mainEntityOfPage":{"@id":"https:\/\/ena2053.fr\/index.php\/2026\/01\/10\/rentree-de-lena-lecture-et-cinema-engage\/"},"wordCount":273,"commentCount":0,"publisher":{"@id":"https:\/\/ena2053.fr\/#organization"},"image":{"@id":"https:\/\/ena2053.fr\/index.php\/2026\/01\/10\/rentree-de-lena-lecture-et-cinema-engage\/#primaryimage"},"thumbnailUrl":"https:\/\/ena2053.fr\/wp-content\/uploads\/2026\/03\/613190010_122120407701014633_1588926450616293418_n-1024x584.jpg","inLanguage":"fr-FR","potentialAction":[{"@type":"CommentAction","name":"Comment","target":["https:\/\/ena2053.fr\/index.php\/2026\/01\/10\/rentree-de-lena-lecture-et-cinema-engage\/#respond"]}]},{"@type":"WebPage","@id":"https:\/\/ena2053.fr\/index.php\/2026\/01\/10\/rentree-de-lena-lecture-et-cinema-engage\/","url":"https:\/\/ena2053.fr\/index.php\/2026\/01\/10\/rentree-de-lena-lecture-et-cinema-engage\/","name":"Rentr\u00e9e de l'ENA: Lecture et cin\u00e9ma engag\u00e9 - \u00c9cole des Naturalistes d&#039;Aquitaine","isPartOf":{"@id":"https:\/\/ena2053.fr\/#website"},"primaryImageOfPage":{"@id":"https:\/\/ena2053.fr\/index.php\/2026\/01\/10\/rentree-de-lena-lecture-et-cinema-engage\/#primaryimage"},"image":{"@id":"https:\/\/ena2053.fr\/index.php\/2026\/01\/10\/rentree-de-lena-lecture-et-cinema-engage\/#primaryimage"},"thumbnailUrl":"https:\/\/ena2053.fr\/wp-content\/uploads\/2026\/03\/613190010_122120407701014633_1588926450616293418_n-1024x584.jpg","datePublished":"2026-01-10T21:19:49+00:00","dateModified":"2026-03-05T21:21:54+00:00","breadcrumb":{"@id":"https:\/\/ena2053.fr\/index.php\/2026\/01\/10\/rentree-de-lena-lecture-et-cinema-engage\/#breadcrumb"},"inLanguage":"fr-FR","potentialAction":[{"@type":"ReadAction","target":["https:\/\/ena2053.fr\/index.php\/2026\/01\/10\/rentree-de-lena-lecture-et-cinema-engage\/"]}]},{"@type":"ImageObject","inLanguage":"fr-FR","@id":"https:\/\/ena2053.fr\/index.php\/2026\/01\/10\/rentree-de-lena-lecture-et-cinema-engage\/#primaryimage","url":"https:\/\/ena2053.fr\/wp-content\/uploads\/2026\/03\/613190010_122120407701014633_1588926450616293418_n.jpg","contentUrl":"https:\/\/ena2053.fr\/wp-content\/uploads\/2026\/03\/613190010_122120407701014633_1588926450616293418_n.jpg","width":1070,"height":610},{"@type":"BreadcrumbList","@id":"https:\/\/ena2053.fr\/index.php\/2026\/01\/10\/rentree-de-lena-lecture-et-cinema-engage\/#breadcrumb","itemListElement":[{"@type":"ListItem","position":1,"name":"Accueil","item":"https:\/\/ena2053.fr\/"},{"@type":"ListItem","position":2,"name":"Rentr\u00e9e de l&rsquo;ENA: Lecture et cin\u00e9ma engag\u00e9"}]},{"@type":"WebSite","@id":"https:\/\/ena2053.fr\/#website","url":"https:\/\/ena2053.fr\/","name":"\u00c9cole des Naturalistes d'Aquitaine","description":"Pour une nouvelle \u00e9cole de la vie","publisher":{"@id":"https:\/\/ena2053.fr\/#organization"},"potentialAction":[{"@type":"SearchAction","target":{"@type":"EntryPoint","urlTemplate":"https:\/\/ena2053.fr\/?s={search_term_string}"},"query-input":{"@type":"PropertyValueSpecification","valueRequired":true,"valueName":"search_term_string"}}],"inLanguage":"fr-FR"},{"@type":"Organization","@id":"https:\/\/ena2053.fr\/#organization","name":"\u00c9cole des Naturalistes d'Aquitaine","url":"https:\/\/ena2053.fr\/","logo":{"@type":"ImageObject","inLanguage":"fr-FR","@id":"https:\/\/ena2053.fr\/#\/schema\/logo\/image\/","url":"https:\/\/ena2053.fr\/wp-content\/uploads\/2025\/08\/cropped-LOGO_FOND_VERTF.png","contentUrl":"https:\/\/ena2053.fr\/wp-content\/uploads\/2025\/08\/cropped-LOGO_FOND_VERTF.png","width":512,"height":512,"caption":"\u00c9cole des Naturalistes d'Aquitaine"},"image":{"@id":"https:\/\/ena2053.fr\/#\/schema\/logo\/image\/"}},{"@type":"Person","@id":"https:\/\/ena2053.fr\/#\/schema\/person\/bf3713a7410fb1f58b10a91fbc53454d","name":"Maelys Giraud","image":{"@type":"ImageObject","inLanguage":"fr-FR","@id":"https:\/\/ena2053.fr\/#\/schema\/person\/image\/","url":"https:\/\/secure.gravatar.com\/avatar\/0b723a35a2d85797a9715f6d3fe5143922f6a252223707d8bf41a76fcec2c98c?s=96&d=mm&r=g","contentUrl":"https:\/\/secure.gravatar.com\/avatar\/0b723a35a2d85797a9715f6d3fe5143922f6a252223707d8bf41a76fcec2c98c?s=96&d=mm&r=g","caption":"Maelys Giraud"},"sameAs":["http:\/\/ena2053.fr"],"url":"https:\/\/ena2053.fr\/index.php\/author\/admin5443\/"}]}},"_links":{"self":[{"href":"https:\/\/ena2053.fr\/index.php\/wp-json\/wp\/v2\/posts\/290","targetHints":{"allow":["GET"]}}],"collection":[{"href":"https:\/\/ena2053.fr\/index.php\/wp-json\/wp\/v2\/posts"}],"about":[{"href":"https:\/\/ena2053.fr\/index.php\/wp-json\/wp\/v2\/types\/post"}],"author":[{"embeddable":true,"href":"https:\/\/ena2053.fr\/index.php\/wp-json\/wp\/v2\/users\/1"}],"replies":[{"embeddable":true,"href":"https:\/\/ena2053.fr\/index.php\/wp-json\/wp\/v2\/comments?post=290"}],"version-history":[{"count":1,"href":"https:\/\/ena2053.fr\/index.php\/wp-json\/wp\/v2\/posts\/290\/revisions"}],"predecessor-version":[{"id":297,"href":"https:\/\/ena2053.fr\/index.php\/wp-json\/wp\/v2\/posts\/290\/revisions\/297"}],"wp:attachment":[{"href":"https:\/\/ena2053.fr\/index.php\/wp-json\/wp\/v2\/media?parent=290"}],"wp:term":[{"taxonomy":"category","embeddable":true,"href":"https:\/\/ena2053.fr\/index.php\/wp-json\/wp\/v2\/categories?post=290"},{"taxonomy":"post_tag","embeddable":true,"href":"https:\/\/ena2053.fr\/index.php\/wp-json\/wp\/v2\/tags?post=290"}],"curies":[{"name":"wp","href":"https:\/\/api.w.org\/{rel}","templated":true}]}}