{"id":298,"date":"2026-02-01T23:03:32","date_gmt":"2026-02-01T22:03:32","guid":{"rendered":"https:\/\/ena2053.fr\/?p=298"},"modified":"2026-03-05T23:04:12","modified_gmt":"2026-03-05T22:04:12","slug":"96-casques-verts","status":"publish","type":"post","link":"https:\/\/ena2053.fr\/index.php\/2026\/02\/01\/96-casques-verts\/","title":{"rendered":"96 casques verts!"},"content":{"rendered":"\n<p>C\u2019est le nombre de personnes (physique et morales) qui ont rejoint l\u2019ENA depuis sa cr\u00e9ation le 5 juin dernier. 96 \u00ab casques verts \u00bb (c\u2019est ainsi qu\u2019on d\u00e9signe les adh\u00e9rents \u00e0 l\u2019ENA) \u00e0 avoir re\u00e7u leur carte de membre. Toute ressemblance est une carte \u00e9lectorale est \u00e9videmment purement\u2026 volontaire !<\/p>\n\n\n\n<p>L\u2019objectif de notre f\u00e9d\u00e9ration est de remettre les sciences naturelles \u00ab au centre du village \u00bb. Nous consid\u00e9rons, dans la lign\u00e9e de la f\u00e9d\u00e9ration nationale BioG\u00e9e que les connaissances naturalistes sont des biens communs qui m\u00e9ritent d\u2019\u00eatre partag\u00e9es par le plus grand nombre : des \u00ab simples citoyens \u00bb que nous sommes aux d\u00e9cideurs politiques.<\/p>\n\n\n\n<p>Surtout aux d\u00e9cideurs politiques !<\/p>\n\n\n\n<p>Si l\u2019ENA devait faire campagne, voici l\u2019un des propositions phares qu\u2019elle d\u00e9fendrait : \u00ab 100% des \u00e9lus form\u00e9s aux savoirs fondamentaux des sciences du vivant \u00bb.<\/p>\n\n\n\n<p>Concr\u00e8tement ? Le fonctionnement des rivi\u00e8res, des for\u00eats, des sols, les liens entre sant\u00e9 des paysages et sant\u00e9 humaine, etc.<\/p>\n\n\n\n<p>LA BASE, quoi !!!<\/p>\n\n\n\n<p>La maitrise de ces fondamentaux nous concerne tous, surtout quand on est amen\u00e9 \u00e0 prendre des d\u00e9cisions pour le collectif. Et on paye aujourd&rsquo;hui notre attitude hors sol, notre amn\u00e9sie collective.<\/p>\n\n\n\n<p>En attendant le d\u00e9voilement de notre projet de f\u00e9d\u00e9ration, l\u2019ENA propose pour la saison 2026, sur le territoire du Libournais et ses alentours, des cin\u00e9-d\u00e9bats, rencontres-d\u00e9dicaces, des ateliers d\u2019\u00e9criture, des manifestations conviviales avec toujours le m\u00eame objectif : informer, sensibiliser, former le plus grand nombre aux logiques du vivant.<\/p>\n\n\n\n<p>\u00c7a, c&rsquo;est pour la partie \u00e9merg\u00e9e de l\u2019iceberg. Pour la suite, il faudra \u00eatre un peu patient ou rejoindre l&rsquo;\u00e9quipe pour en savoir plus !<\/p>\n\n\n\n<p>Pour nous rejoindre, rien de plus simple : le lien est dans le premier commentaire.<\/p>\n\n\n\n<p>ENAturellement,<\/p>\n\n\n\n<p>BW<\/p>\n\n\n\n<figure class=\"wp-block-image size-large\"><img loading=\"lazy\" decoding=\"async\" width=\"683\" height=\"1024\" src=\"https:\/\/ena2053.fr\/wp-content\/uploads\/2026\/03\/624081565_122122323267014633_7751720744317485663_n-683x1024.jpg\" alt=\"\" class=\"wp-image-299\" srcset=\"https:\/\/ena2053.fr\/wp-content\/uploads\/2026\/03\/624081565_122122323267014633_7751720744317485663_n-683x1024.jpg 683w, https:\/\/ena2053.fr\/wp-content\/uploads\/2026\/03\/624081565_122122323267014633_7751720744317485663_n-200x300.jpg 200w, https:\/\/ena2053.fr\/wp-content\/uploads\/2026\/03\/624081565_122122323267014633_7751720744317485663_n-768x1152.jpg 768w, https:\/\/ena2053.fr\/wp-content\/uploads\/2026\/03\/624081565_122122323267014633_7751720744317485663_n-1024x1536.jpg 1024w, https:\/\/ena2053.fr\/wp-content\/uploads\/2026\/03\/624081565_122122323267014633_7751720744317485663_n.jpg 1365w\" sizes=\"auto, (max-width: 683px) 100vw, 683px\" \/><\/figure>\n","protected":false},"excerpt":{"rendered":"<p>C\u2019est le nombre de personnes (physique et morales) qui ont rejoint l\u2019ENA depuis sa cr\u00e9ation le 5 juin dernier. 96 \u00ab casques verts \u00bb (c\u2019est ainsi qu\u2019on d\u00e9signe les adh\u00e9rents [&hellip;]<\/p>\n","protected":false},"author":1,"featured_media":0,"comment_status":"open","ping_status":"open","sticky":false,"template":"","format":"standard","meta":{"_EventAllDay":false,"_EventTimezone":"","_EventStartDate":"","_EventEndDate":"","_EventStartDateUTC":"","_EventEndDateUTC":"","_EventShowMap":false,"_EventShowMapLink":false,"_EventURL":"","_EventCost":"","_EventCostDescription":"","_EventCurrencySymbol":"","_EventCurrencyCode":"","_EventCurrencyPosition":"","_EventDateTimeSeparator":"","_EventTimeRangeSeparator":"","_EventOrganizerID":[],"_EventVenueID":[],"_OrganizerEmail":"","_OrganizerPhone":"","_OrganizerWebsite":"","_VenueAddress":"","_VenueCity":"","_VenueCountry":"","_VenueProvince":"","_VenueState":"","_VenueZip":"","_VenuePhone":"","_VenueURL":"","_VenueStateProvince":"","_VenueLat":"","_VenueLng":"","_VenueShowMap":false,"_VenueShowMapLink":false,"footnotes":""},"categories":[1],"tags":[],"class_list":["post-298","post","type-post","status-publish","format-standard","hentry","category-non-classe"],"yoast_head":"<!-- This site is optimized with the Yoast SEO plugin v25.8 - https:\/\/yoast.com\/wordpress\/plugins\/seo\/ -->\n<title>96 casques verts! - \u00c9cole des Naturalistes d&#039;Aquitaine<\/title>\n<meta name=\"robots\" content=\"index, follow, max-snippet:-1, max-image-preview:large, max-video-preview:-1\" \/>\n<link rel=\"canonical\" href=\"https:\/\/ena2053.fr\/index.php\/2026\/02\/01\/96-casques-verts\/\" \/>\n<meta property=\"og:locale\" content=\"fr_FR\" \/>\n<meta property=\"og:type\" content=\"article\" \/>\n<meta property=\"og:title\" content=\"96 casques verts! - \u00c9cole des Naturalistes d&#039;Aquitaine\" \/>\n<meta property=\"og:description\" content=\"C\u2019est le nombre de personnes (physique et morales) qui ont rejoint l\u2019ENA depuis sa cr\u00e9ation le 5 juin dernier. 96 \u00ab casques verts \u00bb (c\u2019est ainsi qu\u2019on d\u00e9signe les adh\u00e9rents [&hellip;]\" \/>\n<meta property=\"og:url\" content=\"https:\/\/ena2053.fr\/index.php\/2026\/02\/01\/96-casques-verts\/\" \/>\n<meta property=\"og:site_name\" content=\"\u00c9cole des Naturalistes d&#039;Aquitaine\" \/>\n<meta property=\"article:published_time\" content=\"2026-02-01T22:03:32+00:00\" \/>\n<meta property=\"article:modified_time\" content=\"2026-03-05T22:04:12+00:00\" \/>\n<meta property=\"og:image\" content=\"https:\/\/ena2053.fr\/wp-content\/uploads\/2026\/03\/624081565_122122323267014633_7751720744317485663_n.jpg\" \/>\n\t<meta property=\"og:image:width\" content=\"1365\" \/>\n\t<meta property=\"og:image:height\" content=\"2048\" \/>\n\t<meta property=\"og:image:type\" content=\"image\/jpeg\" \/>\n<meta name=\"author\" content=\"Maelys Giraud\" \/>\n<meta name=\"twitter:card\" content=\"summary_large_image\" \/>\n<meta name=\"twitter:label1\" content=\"\u00c9crit par\" \/>\n\t<meta name=\"twitter:data1\" content=\"Maelys Giraud\" \/>\n\t<meta name=\"twitter:label2\" content=\"Dur\u00e9e de lecture estim\u00e9e\" \/>\n\t<meta name=\"twitter:data2\" content=\"2 minutes\" \/>\n<script type=\"application\/ld+json\" class=\"yoast-schema-graph\">{\"@context\":\"https:\/\/schema.org\",\"@graph\":[{\"@type\":\"Article\",\"@id\":\"https:\/\/ena2053.fr\/index.php\/2026\/02\/01\/96-casques-verts\/#article\",\"isPartOf\":{\"@id\":\"https:\/\/ena2053.fr\/index.php\/2026\/02\/01\/96-casques-verts\/\"},\"author\":{\"name\":\"Maelys Giraud\",\"@id\":\"https:\/\/ena2053.fr\/#\/schema\/person\/bf3713a7410fb1f58b10a91fbc53454d\"},\"headline\":\"96 casques verts!\",\"datePublished\":\"2026-02-01T22:03:32+00:00\",\"dateModified\":\"2026-03-05T22:04:12+00:00\",\"mainEntityOfPage\":{\"@id\":\"https:\/\/ena2053.fr\/index.php\/2026\/02\/01\/96-casques-verts\/\"},\"wordCount\":306,\"commentCount\":0,\"publisher\":{\"@id\":\"https:\/\/ena2053.fr\/#organization\"},\"image\":{\"@id\":\"https:\/\/ena2053.fr\/index.php\/2026\/02\/01\/96-casques-verts\/#primaryimage\"},\"thumbnailUrl\":\"https:\/\/ena2053.fr\/wp-content\/uploads\/2026\/03\/624081565_122122323267014633_7751720744317485663_n-683x1024.jpg\",\"inLanguage\":\"fr-FR\",\"potentialAction\":[{\"@type\":\"CommentAction\",\"name\":\"Comment\",\"target\":[\"https:\/\/ena2053.fr\/index.php\/2026\/02\/01\/96-casques-verts\/#respond\"]}]},{\"@type\":\"WebPage\",\"@id\":\"https:\/\/ena2053.fr\/index.php\/2026\/02\/01\/96-casques-verts\/\",\"url\":\"https:\/\/ena2053.fr\/index.php\/2026\/02\/01\/96-casques-verts\/\",\"name\":\"96 casques verts! - \u00c9cole des Naturalistes d&#039;Aquitaine\",\"isPartOf\":{\"@id\":\"https:\/\/ena2053.fr\/#website\"},\"primaryImageOfPage\":{\"@id\":\"https:\/\/ena2053.fr\/index.php\/2026\/02\/01\/96-casques-verts\/#primaryimage\"},\"image\":{\"@id\":\"https:\/\/ena2053.fr\/index.php\/2026\/02\/01\/96-casques-verts\/#primaryimage\"},\"thumbnailUrl\":\"https:\/\/ena2053.fr\/wp-content\/uploads\/2026\/03\/624081565_122122323267014633_7751720744317485663_n-683x1024.jpg\",\"datePublished\":\"2026-02-01T22:03:32+00:00\",\"dateModified\":\"2026-03-05T22:04:12+00:00\",\"breadcrumb\":{\"@id\":\"https:\/\/ena2053.fr\/index.php\/2026\/02\/01\/96-casques-verts\/#breadcrumb\"},\"inLanguage\":\"fr-FR\",\"potentialAction\":[{\"@type\":\"ReadAction\",\"target\":[\"https:\/\/ena2053.fr\/index.php\/2026\/02\/01\/96-casques-verts\/\"]}]},{\"@type\":\"ImageObject\",\"inLanguage\":\"fr-FR\",\"@id\":\"https:\/\/ena2053.fr\/index.php\/2026\/02\/01\/96-casques-verts\/#primaryimage\",\"url\":\"https:\/\/ena2053.fr\/wp-content\/uploads\/2026\/03\/624081565_122122323267014633_7751720744317485663_n.jpg\",\"contentUrl\":\"https:\/\/ena2053.fr\/wp-content\/uploads\/2026\/03\/624081565_122122323267014633_7751720744317485663_n.jpg\",\"width\":1365,\"height\":2048},{\"@type\":\"BreadcrumbList\",\"@id\":\"https:\/\/ena2053.fr\/index.php\/2026\/02\/01\/96-casques-verts\/#breadcrumb\",\"itemListElement\":[{\"@type\":\"ListItem\",\"position\":1,\"name\":\"Accueil\",\"item\":\"https:\/\/ena2053.fr\/\"},{\"@type\":\"ListItem\",\"position\":2,\"name\":\"96 casques verts!\"}]},{\"@type\":\"WebSite\",\"@id\":\"https:\/\/ena2053.fr\/#website\",\"url\":\"https:\/\/ena2053.fr\/\",\"name\":\"\u00c9cole des Naturalistes d'Aquitaine\",\"description\":\"Pour une nouvelle \u00e9cole de la vie\",\"publisher\":{\"@id\":\"https:\/\/ena2053.fr\/#organization\"},\"potentialAction\":[{\"@type\":\"SearchAction\",\"target\":{\"@type\":\"EntryPoint\",\"urlTemplate\":\"https:\/\/ena2053.fr\/?s={search_term_string}\"},\"query-input\":{\"@type\":\"PropertyValueSpecification\",\"valueRequired\":true,\"valueName\":\"search_term_string\"}}],\"inLanguage\":\"fr-FR\"},{\"@type\":\"Organization\",\"@id\":\"https:\/\/ena2053.fr\/#organization\",\"name\":\"\u00c9cole des Naturalistes d'Aquitaine\",\"url\":\"https:\/\/ena2053.fr\/\",\"logo\":{\"@type\":\"ImageObject\",\"inLanguage\":\"fr-FR\",\"@id\":\"https:\/\/ena2053.fr\/#\/schema\/logo\/image\/\",\"url\":\"https:\/\/ena2053.fr\/wp-content\/uploads\/2025\/08\/cropped-LOGO_FOND_VERTF.png\",\"contentUrl\":\"https:\/\/ena2053.fr\/wp-content\/uploads\/2025\/08\/cropped-LOGO_FOND_VERTF.png\",\"width\":512,\"height\":512,\"caption\":\"\u00c9cole des Naturalistes d'Aquitaine\"},\"image\":{\"@id\":\"https:\/\/ena2053.fr\/#\/schema\/logo\/image\/\"}},{\"@type\":\"Person\",\"@id\":\"https:\/\/ena2053.fr\/#\/schema\/person\/bf3713a7410fb1f58b10a91fbc53454d\",\"name\":\"Maelys Giraud\",\"image\":{\"@type\":\"ImageObject\",\"inLanguage\":\"fr-FR\",\"@id\":\"https:\/\/ena2053.fr\/#\/schema\/person\/image\/\",\"url\":\"https:\/\/secure.gravatar.com\/avatar\/0b723a35a2d85797a9715f6d3fe5143922f6a252223707d8bf41a76fcec2c98c?s=96&d=mm&r=g\",\"contentUrl\":\"https:\/\/secure.gravatar.com\/avatar\/0b723a35a2d85797a9715f6d3fe5143922f6a252223707d8bf41a76fcec2c98c?s=96&d=mm&r=g\",\"caption\":\"Maelys Giraud\"},\"sameAs\":[\"http:\/\/ena2053.fr\"],\"url\":\"https:\/\/ena2053.fr\/index.php\/author\/admin5443\/\"}]}<\/script>\n<!-- \/ Yoast SEO plugin. -->","yoast_head_json":{"title":"96 casques verts! - \u00c9cole des Naturalistes d&#039;Aquitaine","robots":{"index":"index","follow":"follow","max-snippet":"max-snippet:-1","max-image-preview":"max-image-preview:large","max-video-preview":"max-video-preview:-1"},"canonical":"https:\/\/ena2053.fr\/index.php\/2026\/02\/01\/96-casques-verts\/","og_locale":"fr_FR","og_type":"article","og_title":"96 casques verts! - \u00c9cole des Naturalistes d&#039;Aquitaine","og_description":"C\u2019est le nombre de personnes (physique et morales) qui ont rejoint l\u2019ENA depuis sa cr\u00e9ation le 5 juin dernier. 96 \u00ab casques verts \u00bb (c\u2019est ainsi qu\u2019on d\u00e9signe les adh\u00e9rents [&hellip;]","og_url":"https:\/\/ena2053.fr\/index.php\/2026\/02\/01\/96-casques-verts\/","og_site_name":"\u00c9cole des Naturalistes d&#039;Aquitaine","article_published_time":"2026-02-01T22:03:32+00:00","article_modified_time":"2026-03-05T22:04:12+00:00","og_image":[{"width":1365,"height":2048,"url":"https:\/\/ena2053.fr\/wp-content\/uploads\/2026\/03\/624081565_122122323267014633_7751720744317485663_n.jpg","type":"image\/jpeg"}],"author":"Maelys Giraud","twitter_card":"summary_large_image","twitter_misc":{"\u00c9crit par":"Maelys Giraud","Dur\u00e9e de lecture estim\u00e9e":"2 minutes"},"schema":{"@context":"https:\/\/schema.org","@graph":[{"@type":"Article","@id":"https:\/\/ena2053.fr\/index.php\/2026\/02\/01\/96-casques-verts\/#article","isPartOf":{"@id":"https:\/\/ena2053.fr\/index.php\/2026\/02\/01\/96-casques-verts\/"},"author":{"name":"Maelys Giraud","@id":"https:\/\/ena2053.fr\/#\/schema\/person\/bf3713a7410fb1f58b10a91fbc53454d"},"headline":"96 casques verts!","datePublished":"2026-02-01T22:03:32+00:00","dateModified":"2026-03-05T22:04:12+00:00","mainEntityOfPage":{"@id":"https:\/\/ena2053.fr\/index.php\/2026\/02\/01\/96-casques-verts\/"},"wordCount":306,"commentCount":0,"publisher":{"@id":"https:\/\/ena2053.fr\/#organization"},"image":{"@id":"https:\/\/ena2053.fr\/index.php\/2026\/02\/01\/96-casques-verts\/#primaryimage"},"thumbnailUrl":"https:\/\/ena2053.fr\/wp-content\/uploads\/2026\/03\/624081565_122122323267014633_7751720744317485663_n-683x1024.jpg","inLanguage":"fr-FR","potentialAction":[{"@type":"CommentAction","name":"Comment","target":["https:\/\/ena2053.fr\/index.php\/2026\/02\/01\/96-casques-verts\/#respond"]}]},{"@type":"WebPage","@id":"https:\/\/ena2053.fr\/index.php\/2026\/02\/01\/96-casques-verts\/","url":"https:\/\/ena2053.fr\/index.php\/2026\/02\/01\/96-casques-verts\/","name":"96 casques verts! - \u00c9cole des Naturalistes d&#039;Aquitaine","isPartOf":{"@id":"https:\/\/ena2053.fr\/#website"},"primaryImageOfPage":{"@id":"https:\/\/ena2053.fr\/index.php\/2026\/02\/01\/96-casques-verts\/#primaryimage"},"image":{"@id":"https:\/\/ena2053.fr\/index.php\/2026\/02\/01\/96-casques-verts\/#primaryimage"},"thumbnailUrl":"https:\/\/ena2053.fr\/wp-content\/uploads\/2026\/03\/624081565_122122323267014633_7751720744317485663_n-683x1024.jpg","datePublished":"2026-02-01T22:03:32+00:00","dateModified":"2026-03-05T22:04:12+00:00","breadcrumb":{"@id":"https:\/\/ena2053.fr\/index.php\/2026\/02\/01\/96-casques-verts\/#breadcrumb"},"inLanguage":"fr-FR","potentialAction":[{"@type":"ReadAction","target":["https:\/\/ena2053.fr\/index.php\/2026\/02\/01\/96-casques-verts\/"]}]},{"@type":"ImageObject","inLanguage":"fr-FR","@id":"https:\/\/ena2053.fr\/index.php\/2026\/02\/01\/96-casques-verts\/#primaryimage","url":"https:\/\/ena2053.fr\/wp-content\/uploads\/2026\/03\/624081565_122122323267014633_7751720744317485663_n.jpg","contentUrl":"https:\/\/ena2053.fr\/wp-content\/uploads\/2026\/03\/624081565_122122323267014633_7751720744317485663_n.jpg","width":1365,"height":2048},{"@type":"BreadcrumbList","@id":"https:\/\/ena2053.fr\/index.php\/2026\/02\/01\/96-casques-verts\/#breadcrumb","itemListElement":[{"@type":"ListItem","position":1,"name":"Accueil","item":"https:\/\/ena2053.fr\/"},{"@type":"ListItem","position":2,"name":"96 casques verts!"}]},{"@type":"WebSite","@id":"https:\/\/ena2053.fr\/#website","url":"https:\/\/ena2053.fr\/","name":"\u00c9cole des Naturalistes d'Aquitaine","description":"Pour une nouvelle \u00e9cole de la vie","publisher":{"@id":"https:\/\/ena2053.fr\/#organization"},"potentialAction":[{"@type":"SearchAction","target":{"@type":"EntryPoint","urlTemplate":"https:\/\/ena2053.fr\/?s={search_term_string}"},"query-input":{"@type":"PropertyValueSpecification","valueRequired":true,"valueName":"search_term_string"}}],"inLanguage":"fr-FR"},{"@type":"Organization","@id":"https:\/\/ena2053.fr\/#organization","name":"\u00c9cole des Naturalistes d'Aquitaine","url":"https:\/\/ena2053.fr\/","logo":{"@type":"ImageObject","inLanguage":"fr-FR","@id":"https:\/\/ena2053.fr\/#\/schema\/logo\/image\/","url":"https:\/\/ena2053.fr\/wp-content\/uploads\/2025\/08\/cropped-LOGO_FOND_VERTF.png","contentUrl":"https:\/\/ena2053.fr\/wp-content\/uploads\/2025\/08\/cropped-LOGO_FOND_VERTF.png","width":512,"height":512,"caption":"\u00c9cole des Naturalistes d'Aquitaine"},"image":{"@id":"https:\/\/ena2053.fr\/#\/schema\/logo\/image\/"}},{"@type":"Person","@id":"https:\/\/ena2053.fr\/#\/schema\/person\/bf3713a7410fb1f58b10a91fbc53454d","name":"Maelys Giraud","image":{"@type":"ImageObject","inLanguage":"fr-FR","@id":"https:\/\/ena2053.fr\/#\/schema\/person\/image\/","url":"https:\/\/secure.gravatar.com\/avatar\/0b723a35a2d85797a9715f6d3fe5143922f6a252223707d8bf41a76fcec2c98c?s=96&d=mm&r=g","contentUrl":"https:\/\/secure.gravatar.com\/avatar\/0b723a35a2d85797a9715f6d3fe5143922f6a252223707d8bf41a76fcec2c98c?s=96&d=mm&r=g","caption":"Maelys Giraud"},"sameAs":["http:\/\/ena2053.fr"],"url":"https:\/\/ena2053.fr\/index.php\/author\/admin5443\/"}]}},"_links":{"self":[{"href":"https:\/\/ena2053.fr\/index.php\/wp-json\/wp\/v2\/posts\/298","targetHints":{"allow":["GET"]}}],"collection":[{"href":"https:\/\/ena2053.fr\/index.php\/wp-json\/wp\/v2\/posts"}],"about":[{"href":"https:\/\/ena2053.fr\/index.php\/wp-json\/wp\/v2\/types\/post"}],"author":[{"embeddable":true,"href":"https:\/\/ena2053.fr\/index.php\/wp-json\/wp\/v2\/users\/1"}],"replies":[{"embeddable":true,"href":"https:\/\/ena2053.fr\/index.php\/wp-json\/wp\/v2\/comments?post=298"}],"version-history":[{"count":1,"href":"https:\/\/ena2053.fr\/index.php\/wp-json\/wp\/v2\/posts\/298\/revisions"}],"predecessor-version":[{"id":300,"href":"https:\/\/ena2053.fr\/index.php\/wp-json\/wp\/v2\/posts\/298\/revisions\/300"}],"wp:attachment":[{"href":"https:\/\/ena2053.fr\/index.php\/wp-json\/wp\/v2\/media?parent=298"}],"wp:term":[{"taxonomy":"category","embeddable":true,"href":"https:\/\/ena2053.fr\/index.php\/wp-json\/wp\/v2\/categories?post=298"},{"taxonomy":"post_tag","embeddable":true,"href":"https:\/\/ena2053.fr\/index.php\/wp-json\/wp\/v2\/tags?post=298"}],"curies":[{"name":"wp","href":"https:\/\/api.w.org\/{rel}","templated":true}]}}